{"id":1677,"date":"2024-03-08T11:00:00","date_gmt":"2024-03-08T16:00:00","guid":{"rendered":"https:\/\/phytronix.com\/?p=1677"},"modified":"2024-03-08T11:05:32","modified_gmt":"2024-03-08T16:05:32","slug":"journee-internationale-des-femmes","status":"publish","type":"post","link":"https:\/\/phytronix.com\/fr\/journee-internationale-des-femmes\/","title":{"rendered":"Journ\u00e9e internationale des femmes &#8211; Portrait de femmes chez Phytronix"},"content":{"rendered":"\n<div class=\"wp-block-media-text is-stacked-on-mobile\"><figure class=\"wp-block-media-text__media\"><img loading=\"lazy\" decoding=\"async\" width=\"1247\" height=\"1247\" src=\"https:\/\/phytronix.com\/wp-content\/uploads\/2024\/03\/Melha_titre2.png\" alt=\"\" class=\"wp-image-1842 size-full\"\/><\/figure><div class=\"wp-block-media-text__content\">\n<p><strong>Que repr\u00e9sente la Journ\u00e9e internationale des femmes pour toi? <\/strong><\/p>\n\n\n\n<p>Pour moi, la journ\u00e9e internationale des femmes repr\u00e9sente un combat ardu men\u00e9 par des femmes \u00e0 travers les g\u00e9n\u00e9rations, afin de lutter pour leurs propres droits. Essentiellement, pour l&rsquo;\u00e9galit\u00e9 salariale, le droit de vote, la reconnaissance sociale et j&rsquo;en passe. Il est important pour moi de continuer \u00e0 souligner cette journ\u00e9e pour que les femmes vivant dans des soci\u00e9t\u00e9s patriarcales puissent enfin se faire entendre.\u00a0<\/p>\n\n\n\n<p><strong>Si tu avais \u00e0 d\u00e9crire la vie chez Phytronix en trois mots, lesquels choisirais-tu?<\/strong><\/p>\n\n\n\n<p>Esprit d&rsquo;\u00e9quipe &#8211; Conciliation (travail- famille) &#8211; Engagement<\/p>\n<\/div><\/div>\n\n\n\n<div class=\"wp-block-media-text has-media-on-the-right is-stacked-on-mobile\"><div class=\"wp-block-media-text__content\">\n<div class=\"wp-block-group\"><div class=\"wp-block-group__inner-container is-layout-constrained wp-block-group-is-layout-constrained\">\n<p class=\"has-text-align-right\"><strong>Que repr\u00e9sente la Journ\u00e9e internationale des femmes pour toi? <\/strong><\/p>\n\n\n\n<p class=\"has-text-align-right\">La Journ\u00e9e internationale de la femme est une journ\u00e9e pour souligner la reconnaissance de l&rsquo;\u00e9galit\u00e9 des comp\u00e9tences des femmes dans tous les domaines, mais en ce qui me concerne, dans un domaine principalement masculin, \u00e0 savoir les sciences.<\/p>\n\n\n\n<p class=\"has-text-align-right\"><strong>Si tu avais \u00e0 d\u00e9crire la vie chez Phytronix en trois mots, lesquels choisirais-tu?<\/strong><\/p>\n\n\n\n<p class=\"has-text-align-right\">Collaboration &#8211; Innovant &#8211; Inclusif<\/p>\n<\/div><\/div>\n<\/div><figure class=\"wp-block-media-text__media\"><img loading=\"lazy\" decoding=\"async\" width=\"2048\" height=\"2048\" src=\"https:\/\/phytronix.com\/wp-content\/uploads\/2024\/03\/Megan_titre2-1.png\" alt=\"\" class=\"wp-image-1805 size-full\"\/><\/figure><\/div>\n\n\n\n<div class=\"wp-block-media-text is-stacked-on-mobile\"><figure class=\"wp-block-media-text__media\"><img loading=\"lazy\" decoding=\"async\" width=\"1512\" height=\"1512\" src=\"https:\/\/phytronix.com\/wp-content\/uploads\/2024\/03\/Sarah_titre-1.png\" alt=\"\" class=\"wp-image-1840 size-full\"\/><\/figure><div class=\"wp-block-media-text__content\">\n<p class=\"has-text-align-left\"><strong>Que repr\u00e9sente la Journ\u00e9e internationale des femmes pour toi? <\/strong><\/p>\n\n\n\n<p class=\"has-text-align-left\">Cette journ\u00e9e est un moment pour moi de me rappeler \u00e0 quel point les femmes sont choy\u00e9es au Qu\u00e9bec, et plus particuli\u00e8rement chez Phytronix. Nous avons des coll\u00e8gues en or, f\u00e9minines ou masculins, qui nous soutiennent, nous encouragent \u00e0 atteindre nos objectifs et nos ambitions chaque jour. Il est \u00e9galement important pour moi de continuer \u00e0 promouvoir les aptitudes que les femmes peuvent apporter dans le domaine scientifique, pour mes enfants et pour tous les enfants qui aspirent \u00e0 contribuer \u00e0 la science de quelque mani\u00e8re que ce soit.<\/p>\n\n\n\n<p class=\"has-text-align-left\"><strong>Si tu avais \u00e0 d\u00e9crire la vie chez Phytronix en trois mots, lesquels choisirais-tu?<\/strong><\/p>\n\n\n\n<p class=\"has-text-align-left\">Intense &#8211; Valorisant &#8211; Humain<\/p>\n<\/div><\/div>\n\n\n\n<div class=\"wp-block-media-text has-media-on-the-right is-stacked-on-mobile\"><div class=\"wp-block-media-text__content\">\n<p class=\"has-text-align-right\"><strong>Que repr\u00e9sente la Journ\u00e9e internationale des femmes pour toi? <\/strong><\/p>\n\n\n\n<p class=\"has-text-align-right\">La Journ\u00e9e de la femme repr\u00e9sente pour moi une date symbolique pour souligner et reconna\u00eetre les r\u00e9alisations faites par les femmes, bien qu&rsquo;il soit important d&rsquo;en faire mention tout au long de l&rsquo;ann\u00e9e. C&rsquo;est l&rsquo;occasion de valoriser mes extraordinaires coll\u00e8gues f\u00e9minines, de c\u00e9l\u00e9brer mes co\u00e9quipi\u00e8res femmes et les mamans qui prennent \u00e0 c\u0153ur leur sant\u00e9 et qui pers\u00e9v\u00e8rent \u00e0 jouer \u00e0 un niveau comp\u00e9titif dans les sports malgr\u00e9 nos rythmes de vie effr\u00e9n\u00e9s. C&rsquo;est \u00e9galement l&rsquo;occasion de souligner les femmes de ce monde qui portent la vie et qui donnent naissance aux prochaines g\u00e9n\u00e9rations.<\/p>\n\n\n\n<p class=\"has-text-align-right\"><strong>Si tu avais \u00e0 d\u00e9crire la vie chez Phytronix en trois mots, lesquels choisirais-tu?<\/strong><\/p>\n\n\n\n<p class=\"has-text-align-right\">Plaisir &#8211; \u00c9panouissement &#8211; Famille<\/p>\n<\/div><figure class=\"wp-block-media-text__media\"><img loading=\"lazy\" decoding=\"async\" width=\"4000\" height=\"4000\" src=\"https:\/\/phytronix.com\/wp-content\/uploads\/2024\/03\/Joelle_titre.png\" alt=\"\" class=\"wp-image-1823 size-full\"\/><\/figure><\/div>\n","protected":false},"excerpt":{"rendered":"<p>La Journ\u00e9e internationale des femmes est c\u00e9l\u00e9br\u00e9e le 8 mars chaque ann\u00e9e \u00e0 travers le monde. D\u00e9couvrez ce que les femmes chez Phytronix ont \u00e0 dire \u00e0 propos de cette journ\u00e9e.<\/p>\n","protected":false},"author":3,"featured_media":1705,"comment_status":"closed","ping_status":"closed","sticky":false,"template":"","format":"standard","meta":{"_acf_changed":false,"inline_featured_image":false,"_monsterinsights_skip_tracking":false,"_monsterinsights_sitenote_active":false,"_monsterinsights_sitenote_note":"","_monsterinsights_sitenote_category":0,"footnotes":""},"categories":[4],"tags":[],"class_list":["post-1677","post","type-post","status-publish","format-standard","has-post-thumbnail","hentry","category-non-classifiee"],"acf":[],"yoast_head":"<!-- This site is optimized with the Yoast SEO plugin v27.0 - https:\/\/yoast.com\/product\/yoast-seo-wordpress\/ -->\n<title>Journ\u00e9e Internationale des Femmes - Phytronix<\/title>\n<meta name=\"description\" content=\"Lisez ce que les femmes de Phytronix ont \u00e0 dire au sujet de la journ\u00e9e internationale des femmes qui se f\u00eate autour de la plan\u00e8te.\" \/>\n<meta name=\"robots\" content=\"index, follow, max-snippet:-1, max-image-preview:large, max-video-preview:-1\" \/>\n<link rel=\"canonical\" href=\"https:\/\/phytronix.com\/international-womens-day-2024\/\" \/>\n<meta property=\"og:locale\" content=\"fr_CA\" \/>\n<meta property=\"og:type\" content=\"article\" \/>\n<meta property=\"og:title\" content=\"Journ\u00e9e Internationale des Femmes - Phytronix\" \/>\n<meta property=\"og:description\" content=\"Lisez ce que les femmes de Phytronix ont \u00e0 dire au sujet de la journ\u00e9e internationale des femmes qui se f\u00eate autour de la plan\u00e8te.\" \/>\n<meta property=\"og:url\" content=\"https:\/\/phytronix.com\/international-womens-day-2024\/\" \/>\n<meta property=\"og:site_name\" content=\"Phytronix\" \/>\n<meta property=\"article:published_time\" content=\"2024-03-08T16:00:00+00:00\" \/>\n<meta property=\"article:modified_time\" content=\"2024-03-08T16:05:32+00:00\" \/>\n<meta property=\"og:image\" content=\"https:\/\/phytronix.com\/wp-content\/uploads\/2024\/03\/Renderjf-0.2.png\" \/>\n\t<meta property=\"og:image:width\" content=\"1200\" \/>\n\t<meta property=\"og:image:height\" content=\"627\" \/>\n\t<meta property=\"og:image:type\" content=\"image\/png\" \/>\n<meta name=\"author\" content=\"Sarah Demers\" \/>\n<meta name=\"twitter:card\" content=\"summary_large_image\" \/>\n<meta name=\"twitter:label1\" content=\"\u00c9crit par\" \/>\n\t<meta name=\"twitter:data1\" content=\"Sarah Demers\" \/>\n\t<meta name=\"twitter:label2\" content=\"Estimation du temps de lecture\" \/>\n\t<meta name=\"twitter:data2\" content=\"3 minutes\" \/>\n<script type=\"application\/ld+json\" class=\"yoast-schema-graph\">{\"@context\":\"https:\/\/schema.org\",\"@graph\":[{\"@type\":\"Article\",\"@id\":\"https:\/\/phytronix.com\/international-womens-day-2024\/#article\",\"isPartOf\":{\"@id\":\"https:\/\/phytronix.com\/international-womens-day-2024\/\"},\"author\":{\"name\":\"Sarah Demers\",\"@id\":\"https:\/\/phytronix.com\/#\/schema\/person\/540a235d0d17e1f94b4c3affc94c2217\"},\"headline\":\"Journ\u00e9e internationale des femmes &#8211; Portrait de femmes chez Phytronix\",\"datePublished\":\"2024-03-08T16:00:00+00:00\",\"dateModified\":\"2024-03-08T16:05:32+00:00\",\"mainEntityOfPage\":{\"@id\":\"https:\/\/phytronix.com\/international-womens-day-2024\/\"},\"wordCount\":456,\"image\":{\"@id\":\"https:\/\/phytronix.com\/international-womens-day-2024\/#primaryimage\"},\"thumbnailUrl\":\"https:\/\/phytronix.com\/wp-content\/uploads\/2024\/03\/Renderjf-0.2.png\",\"articleSection\":[\"Non classifi\u00e9(e)\"],\"inLanguage\":\"fr-CA\"},{\"@type\":\"WebPage\",\"@id\":\"https:\/\/phytronix.com\/international-womens-day-2024\/\",\"url\":\"https:\/\/phytronix.com\/international-womens-day-2024\/\",\"name\":\"Journ\u00e9e Internationale des Femmes - Phytronix\",\"isPartOf\":{\"@id\":\"https:\/\/phytronix.com\/#website\"},\"primaryImageOfPage\":{\"@id\":\"https:\/\/phytronix.com\/international-womens-day-2024\/#primaryimage\"},\"image\":{\"@id\":\"https:\/\/phytronix.com\/international-womens-day-2024\/#primaryimage\"},\"thumbnailUrl\":\"https:\/\/phytronix.com\/wp-content\/uploads\/2024\/03\/Renderjf-0.2.png\",\"datePublished\":\"2024-03-08T16:00:00+00:00\",\"dateModified\":\"2024-03-08T16:05:32+00:00\",\"author\":{\"@id\":\"https:\/\/phytronix.com\/#\/schema\/person\/540a235d0d17e1f94b4c3affc94c2217\"},\"description\":\"Lisez ce que les femmes de Phytronix ont \u00e0 dire au sujet de la journ\u00e9e internationale des femmes qui se f\u00eate autour de la plan\u00e8te.\",\"breadcrumb\":{\"@id\":\"https:\/\/phytronix.com\/international-womens-day-2024\/#breadcrumb\"},\"inLanguage\":\"fr-CA\",\"potentialAction\":[{\"@type\":\"ReadAction\",\"target\":[\"https:\/\/phytronix.com\/international-womens-day-2024\/\"]}]},{\"@type\":\"ImageObject\",\"inLanguage\":\"fr-CA\",\"@id\":\"https:\/\/phytronix.com\/international-womens-day-2024\/#primaryimage\",\"url\":\"https:\/\/phytronix.com\/wp-content\/uploads\/2024\/03\/Renderjf-0.2.png\",\"contentUrl\":\"https:\/\/phytronix.com\/wp-content\/uploads\/2024\/03\/Renderjf-0.2.png\",\"width\":1200,\"height\":627,\"caption\":\"Feature-blog-woman-flower\"},{\"@type\":\"BreadcrumbList\",\"@id\":\"https:\/\/phytronix.com\/international-womens-day-2024\/#breadcrumb\",\"itemListElement\":[{\"@type\":\"ListItem\",\"position\":1,\"name\":\"Home\",\"item\":\"https:\/\/phytronix.com\/fr\/\"},{\"@type\":\"ListItem\",\"position\":2,\"name\":\"Journ\u00e9e internationale des femmes &#8211; Portrait de femmes chez Phytronix\"}]},{\"@type\":\"WebSite\",\"@id\":\"https:\/\/phytronix.com\/#website\",\"url\":\"https:\/\/phytronix.com\/\",\"name\":\"Phytronix\",\"description\":\"\",\"potentialAction\":[{\"@type\":\"SearchAction\",\"target\":{\"@type\":\"EntryPoint\",\"urlTemplate\":\"https:\/\/phytronix.com\/?s={search_term_string}\"},\"query-input\":{\"@type\":\"PropertyValueSpecification\",\"valueRequired\":true,\"valueName\":\"search_term_string\"}}],\"inLanguage\":\"fr-CA\"},{\"@type\":\"Person\",\"@id\":\"https:\/\/phytronix.com\/#\/schema\/person\/540a235d0d17e1f94b4c3affc94c2217\",\"name\":\"Sarah Demers\",\"image\":{\"@type\":\"ImageObject\",\"inLanguage\":\"fr-CA\",\"@id\":\"https:\/\/phytronix.com\/#\/schema\/person\/image\/\",\"url\":\"https:\/\/secure.gravatar.com\/avatar\/37f07a739475679190b5eef5a6dc67b2d2939899fb456f16619e04b6c7156ecf?s=96&d=mm&r=g\",\"contentUrl\":\"https:\/\/secure.gravatar.com\/avatar\/37f07a739475679190b5eef5a6dc67b2d2939899fb456f16619e04b6c7156ecf?s=96&d=mm&r=g\",\"caption\":\"Sarah Demers\"},\"url\":\"https:\/\/phytronix.com\/fr\/author\/sarah-demers\/\"}]}<\/script>\n<!-- \/ Yoast SEO plugin. -->","yoast_head_json":{"title":"Journ\u00e9e Internationale des Femmes - Phytronix","description":"Lisez ce que les femmes de Phytronix ont \u00e0 dire au sujet de la journ\u00e9e internationale des femmes qui se f\u00eate autour de la plan\u00e8te.","robots":{"index":"index","follow":"follow","max-snippet":"max-snippet:-1","max-image-preview":"max-image-preview:large","max-video-preview":"max-video-preview:-1"},"canonical":"https:\/\/phytronix.com\/international-womens-day-2024\/","og_locale":"fr_CA","og_type":"article","og_title":"Journ\u00e9e Internationale des Femmes - Phytronix","og_description":"Lisez ce que les femmes de Phytronix ont \u00e0 dire au sujet de la journ\u00e9e internationale des femmes qui se f\u00eate autour de la plan\u00e8te.","og_url":"https:\/\/phytronix.com\/international-womens-day-2024\/","og_site_name":"Phytronix","article_published_time":"2024-03-08T16:00:00+00:00","article_modified_time":"2024-03-08T16:05:32+00:00","og_image":[{"width":1200,"height":627,"url":"https:\/\/phytronix.com\/wp-content\/uploads\/2024\/03\/Renderjf-0.2.png","type":"image\/png"}],"author":"Sarah Demers","twitter_card":"summary_large_image","twitter_misc":{"\u00c9crit par":"Sarah Demers","Estimation du temps de lecture":"3 minutes"},"schema":{"@context":"https:\/\/schema.org","@graph":[{"@type":"Article","@id":"https:\/\/phytronix.com\/international-womens-day-2024\/#article","isPartOf":{"@id":"https:\/\/phytronix.com\/international-womens-day-2024\/"},"author":{"name":"Sarah Demers","@id":"https:\/\/phytronix.com\/#\/schema\/person\/540a235d0d17e1f94b4c3affc94c2217"},"headline":"Journ\u00e9e internationale des femmes &#8211; Portrait de femmes chez Phytronix","datePublished":"2024-03-08T16:00:00+00:00","dateModified":"2024-03-08T16:05:32+00:00","mainEntityOfPage":{"@id":"https:\/\/phytronix.com\/international-womens-day-2024\/"},"wordCount":456,"image":{"@id":"https:\/\/phytronix.com\/international-womens-day-2024\/#primaryimage"},"thumbnailUrl":"https:\/\/phytronix.com\/wp-content\/uploads\/2024\/03\/Renderjf-0.2.png","articleSection":["Non classifi\u00e9(e)"],"inLanguage":"fr-CA"},{"@type":"WebPage","@id":"https:\/\/phytronix.com\/international-womens-day-2024\/","url":"https:\/\/phytronix.com\/international-womens-day-2024\/","name":"Journ\u00e9e Internationale des Femmes - Phytronix","isPartOf":{"@id":"https:\/\/phytronix.com\/#website"},"primaryImageOfPage":{"@id":"https:\/\/phytronix.com\/international-womens-day-2024\/#primaryimage"},"image":{"@id":"https:\/\/phytronix.com\/international-womens-day-2024\/#primaryimage"},"thumbnailUrl":"https:\/\/phytronix.com\/wp-content\/uploads\/2024\/03\/Renderjf-0.2.png","datePublished":"2024-03-08T16:00:00+00:00","dateModified":"2024-03-08T16:05:32+00:00","author":{"@id":"https:\/\/phytronix.com\/#\/schema\/person\/540a235d0d17e1f94b4c3affc94c2217"},"description":"Lisez ce que les femmes de Phytronix ont \u00e0 dire au sujet de la journ\u00e9e internationale des femmes qui se f\u00eate autour de la plan\u00e8te.","breadcrumb":{"@id":"https:\/\/phytronix.com\/international-womens-day-2024\/#breadcrumb"},"inLanguage":"fr-CA","potentialAction":[{"@type":"ReadAction","target":["https:\/\/phytronix.com\/international-womens-day-2024\/"]}]},{"@type":"ImageObject","inLanguage":"fr-CA","@id":"https:\/\/phytronix.com\/international-womens-day-2024\/#primaryimage","url":"https:\/\/phytronix.com\/wp-content\/uploads\/2024\/03\/Renderjf-0.2.png","contentUrl":"https:\/\/phytronix.com\/wp-content\/uploads\/2024\/03\/Renderjf-0.2.png","width":1200,"height":627,"caption":"Feature-blog-woman-flower"},{"@type":"BreadcrumbList","@id":"https:\/\/phytronix.com\/international-womens-day-2024\/#breadcrumb","itemListElement":[{"@type":"ListItem","position":1,"name":"Home","item":"https:\/\/phytronix.com\/fr\/"},{"@type":"ListItem","position":2,"name":"Journ\u00e9e internationale des femmes &#8211; Portrait de femmes chez Phytronix"}]},{"@type":"WebSite","@id":"https:\/\/phytronix.com\/#website","url":"https:\/\/phytronix.com\/","name":"Phytronix","description":"","potentialAction":[{"@type":"SearchAction","target":{"@type":"EntryPoint","urlTemplate":"https:\/\/phytronix.com\/?s={search_term_string}"},"query-input":{"@type":"PropertyValueSpecification","valueRequired":true,"valueName":"search_term_string"}}],"inLanguage":"fr-CA"},{"@type":"Person","@id":"https:\/\/phytronix.com\/#\/schema\/person\/540a235d0d17e1f94b4c3affc94c2217","name":"Sarah Demers","image":{"@type":"ImageObject","inLanguage":"fr-CA","@id":"https:\/\/phytronix.com\/#\/schema\/person\/image\/","url":"https:\/\/secure.gravatar.com\/avatar\/37f07a739475679190b5eef5a6dc67b2d2939899fb456f16619e04b6c7156ecf?s=96&d=mm&r=g","contentUrl":"https:\/\/secure.gravatar.com\/avatar\/37f07a739475679190b5eef5a6dc67b2d2939899fb456f16619e04b6c7156ecf?s=96&d=mm&r=g","caption":"Sarah Demers"},"url":"https:\/\/phytronix.com\/fr\/author\/sarah-demers\/"}]}},"_links":{"self":[{"href":"https:\/\/phytronix.com\/fr\/wp-json\/wp\/v2\/posts\/1677","targetHints":{"allow":["GET"]}}],"collection":[{"href":"https:\/\/phytronix.com\/fr\/wp-json\/wp\/v2\/posts"}],"about":[{"href":"https:\/\/phytronix.com\/fr\/wp-json\/wp\/v2\/types\/post"}],"author":[{"embeddable":true,"href":"https:\/\/phytronix.com\/fr\/wp-json\/wp\/v2\/users\/3"}],"replies":[{"embeddable":true,"href":"https:\/\/phytronix.com\/fr\/wp-json\/wp\/v2\/comments?post=1677"}],"version-history":[{"count":99,"href":"https:\/\/phytronix.com\/fr\/wp-json\/wp\/v2\/posts\/1677\/revisions"}],"predecessor-version":[{"id":1875,"href":"https:\/\/phytronix.com\/fr\/wp-json\/wp\/v2\/posts\/1677\/revisions\/1875"}],"wp:featuredmedia":[{"embeddable":true,"href":"https:\/\/phytronix.com\/fr\/wp-json\/wp\/v2\/media\/1705"}],"wp:attachment":[{"href":"https:\/\/phytronix.com\/fr\/wp-json\/wp\/v2\/media?parent=1677"}],"wp:term":[{"taxonomy":"category","embeddable":true,"href":"https:\/\/phytronix.com\/fr\/wp-json\/wp\/v2\/categories?post=1677"},{"taxonomy":"post_tag","embeddable":true,"href":"https:\/\/phytronix.com\/fr\/wp-json\/wp\/v2\/tags?post=1677"}],"curies":[{"name":"wp","href":"https:\/\/api.w.org\/{rel}","templated":true}]}}